{"id":535,"date":"2019-06-06T17:00:07","date_gmt":"2019-06-06T14:00:07","guid":{"rendered":"https:\/\/www.myscience.fi\/sv\/?p=535"},"modified":"2019-06-06T16:38:18","modified_gmt":"2019-06-06T13:38:18","slug":"luma-center-finland-premierade-barn-ungdomar-och-inlarningssamfund-for-fortjanstfull-implementering-av-vetenskaps-och-teknologiprojekt-pa-internationell-gala","status":"publish","type":"post","link":"https:\/\/www.myscience.fi\/sv\/nyheter\/2019\/06\/06\/luma-center-finland-premierade-barn-ungdomar-och-inlarningssamfund-for-fortjanstfull-implementering-av-vetenskaps-och-teknologiprojekt-pa-internationell-gala\/","title":{"rendered":"LUMA-center Finland premierade barn, ungdomar och inl\u00e4rningssamfund f\u00f6r f\u00f6rtj\u00e4nstfull implementering av vetenskaps- och teknologiprojekt p\u00e5 internationell gala"},"content":{"rendered":"\n<p><\/p>\n<p>Vid den internationella StarT-galan som gick av stapeln den 6\/6 premierades <em>International LUMA StarT 2019-<\/em>pristagarna. Priset delades ut till de tre b\u00e4sta projektarbetena med naturvetenskaplig, matematisk eller teknologisk koppling, som barn och ungdomar har f\u00f6rverkligat p\u00e5 olika h\u00e5ll i v\u00e4rlden. Teamen fr\u00e5n Jordanien, Litauen och Finland fick pris. Desssutom premierades tre inl\u00e4rningssamfund f\u00f6r de b\u00e4sta undervisningsmetoderna med m\u00e5ngvetenskaplig, forsknings- och fenomenbaserad undervisning. Undervisningssamfund fr\u00e5n Kina, Portugal och Finland fick pris.<\/p>\n<p> <\/p>\n<p>I sin bed\u00f6mningsmotivering har juryn s\u00e4rskilt uppm\u00e4rksammat hur\u00a0 nyskapande, forskningsbaserat, m\u00e5ngvetenskapligt och gemenskapsbildande projektet \u00e4r. \u00a0<\/p>\n<p> <\/p>\n<p>Den internationella StarT-t\u00e4vlingen, som nu h\u00e5llits f\u00f6r tredje g\u00e5ngen, har utvecklats av LUMA-centrum Finland, universitetens centrum f\u00f6r fr\u00e4mjande av vetenskaps- och teknologifostran. Under den g\u00e5ngna s\u00e4songen har \u00f6ver 900 inl\u00e4rningsamfund med 650 projekt och \u00f6ver 250 goda undervisningsmetoder fr\u00e5n 17 l\u00e4nder deltagit i t\u00e4vlingen.<\/p>\n<p> <\/p>\n<blockquote class=\"wp-block-quote is-layout-flow wp-block-quote-is-layout-flow\">\n<p>\u201d<em>StarT skapar bakgrund f\u00f6r l\u00e4randet och kunskaper som beh\u00f6vs n\u00e4r man riktas till b\u00e4ttre framtid, dess behov och utmaningar. Genom ett personligt projekt kan man f\u00e5 k\u00e4nsla av framg\u00e5ng och f\u00f6rm\u00e5ga som \u00f6kar intresset mot vetenskapliga avvecklingar till fr\u00e5gor som betraktar samh\u00e4llet n\u00e4ra oss och m\u00e4nniskor p\u00e5 globala niv\u00e5. StarT st\u00e5r f\u00f6r m\u00f6jlighet att skapa och l\u00e4ra nytt \u2013 att bli sin egen stj\u00e4rna f\u00f6r att l\u00f6sa fr\u00e5gor som man sj\u00e4lv undrar p\u00e5<\/em>\u201d, s\u00e4ger styrelseordf\u00f6rande av LUMA-center Finland, professor <strong>Jan Lundell<\/strong><\/p>\n<\/blockquote>\n<p> <\/p>\n<p>Under StarT-galan premierades ocks\u00e5 publikens favorit samt det mest aktiva landet. Dessutom kom man att dela ut nationella finl\u00e4ndska pris till de 10 b\u00e4sta projektteamen som best\u00e5r av barn och ungdomar, samt till de 5 b\u00e4sta inl\u00e4rningssamfunden.<\/p>\n<p>  <!--more L\u00e4s mer P\u00e5 Engelska-->  <\/p>\n<h3 class=\"wp-block-heading\"><strong>Winners of the International LUMA StarT Award 2019<\/strong><\/h3>\n<p> <\/p>\n<h4 class=\"wp-block-heading\"><strong>Best projects by students, in alphabetical order:<\/strong><\/h4>\n<p> <\/p>\n<ul class=\"wp-block-list\">\n<li>\u201c<a href=\"https:\/\/youtu.be\/0-qb_whxSQI\"><strong>Flash Flood Predictor<\/strong><\/a>\u201d, students<em> Omar Shishani, Omar Abu Salem<\/em> and teacher <em>Omar Shaheen<\/em>. Zarqa University Schools and KG, <strong>Jordan<\/strong><\/li>\n<li>\u201c<a href=\"https:\/\/youtu.be\/jqkYcF7RCMU\"><strong>Health week project<\/strong><\/a>\u201d, students <em>Anele Ganusauskaite, Sofija Ganusauskaite, Simas Kudarauskas, Paulius Kvedaras, Izabele Trotaite, Arune Navickaite, Gerda Sezenytre, Saule Kasparaviciute, Dziugas Siautkulis, Jokubas Garlauskas, Elze Bartkeviciute, Liepa Morkunaite, Kostas Korsakovas, Akmeja Tilvikaite<\/em> and teacher <em>Rasa Jurgeleviciene<\/em>. \u0160iaur\u0117s Lic\u0117jus, <strong>Lithuania<\/strong><\/li>\n<li>\u201c<a href=\"https:\/\/youtu.be\/F5UCJASH2hI\"><strong>Reinventing the drone<\/strong><\/a>\u201d, students <em>Vilhelm Toivonen, Arimo Gustafsson, Niilo Viheri\u00e4ranta, Aapo Lepp\u00e4nen<\/em> and teachers <em>Johanna Halme, Jari Latva-Teikari <\/em>and <em>Kaarina Ojasti. <\/em>Tampereen lyseon lukio,<strong> Finland<\/strong><\/li>\n<\/ul>\n<p> <\/p>\n<h3 class=\"wp-block-heading\"><strong>Winners of the International LUMA StarT Education Award 2019 <\/strong><\/h3>\n<p> <\/p>\n<h4 class=\"wp-block-heading\"><strong>Best educational practices by teachers, in alphabetical order:<\/strong><\/h4>\n<p> <\/p>\n<ul class=\"wp-block-list\">\n<li>\u201c<a href=\"https:\/\/youtu.be\/r4XK69QcTz0\"><strong>The Great Starry Sky<\/strong><\/a>\u201d. <em>Minyan Lu, Guifen Qian, Jie Chen, Jinxiang Liu, Xufeng Sun<\/em>a and<em> Naihua Wei<\/em>. Wanhong Primary School League, <strong>China<\/strong><\/li>\n<li>\u201c<a href=\"https:\/\/youtu.be\/DmHoA0KAuZ8\"><strong>Grow your own food! Dare to try it (even on the moon)! \u2013 a 3rd and 4th grades approach to STEM<\/strong><\/a>\u201d, <em>Anabela Santos<\/em>. EB1\/JI de S\u00e3o Bartolomeu de Regatos, <strong>Portugal<\/strong><\/li>\n<li>\u201c<a href=\"https:\/\/youtu.be\/OwSeqdBU4H0\"><strong>Young people learning statistics<\/strong><\/a>\u201d, <em>Aira Karassaari <\/em>and<em> Hanna Littow<\/em>. Keminmaan keskuskoulu, <strong>Finland <\/strong><\/li>\n<\/ul>\n<p> <\/p>\n<h3 class=\"wp-block-heading\"><strong>Public\u2019s favourites<\/strong><\/h3>\n<p> <\/p>\n<p><strong>Public\u2019s favourite project 2019:<\/strong><\/p>\n<p> <\/p>\n<ul class=\"wp-block-list\">\n<li><strong>\u201c<\/strong><a href=\"https:\/\/youtu.be\/vEmquy-su20\"><strong>ASPAR T-2<\/strong><\/a><strong>\u201d<\/strong>, students <em>Talha Talip A\u00c7IKG\u00d6Z, Alperen KAHRAMAN <\/em>and teachers <em>Ertu\u011frul \u00d6ZAR <\/em>\u00a0and <em>C\u00fcneyt AKYOL. <\/em>Ni\u011fde Ak\u015femseddin Bilim ve Sanat Merkezi, <strong>Turkey<\/strong><\/li>\n<\/ul>\n<p> <\/p>\n<p><strong>Public\u2019s favourite best practice 2019: <\/strong><\/p>\n<p> <\/p>\n<ul class=\"wp-block-list\">\n<li><strong>\u201c<\/strong><a href=\"https:\/\/youtu.be\/docRbyI7dao\"><strong>Theatre for science<\/strong><\/a><strong>\u201d<\/strong>, teachers <em>Fouad El Haski, Hachim Mortaqi, Rachid Wahabi<\/em>. GD-GSR (gestion d\u00e9l\u00e9gu\u00e9e du groupe scolaire la R\u00e9sidence)<strong>, Morocco<\/strong><\/li>\n<\/ul>\n<p> <\/p>\n<h3 class=\"wp-block-heading\"><strong>The most active country<\/strong> 2019<\/h3>\n<p> <\/p>\n<ul class=\"wp-block-list\">\n<li><strong>China.<\/strong> The most active country out of the 20 countries participating in StarT was China with its highest number of participants in StarT 2018-19.<\/li>\n<\/ul>\n<p>Text: Outi Haatainen. Foto: Maija Aksela.<\/p>\n<p><\/p>\n","protected":false},"excerpt":{"rendered":"<p>Vid den internationella StarT-galan som gick av stapeln den 6\/6 premierades International LUMA StarT 2019-pristagarna. Priset delades ut till de &#8230; <a title=\"LUMA-center Finland premierade barn, ungdomar och inl\u00e4rningssamfund f\u00f6r f\u00f6rtj\u00e4nstfull implementering av vetenskaps- och teknologiprojekt p\u00e5 internationell gala\" class=\"read-more\" href=\"https:\/\/www.myscience.fi\/sv\/nyheter\/2019\/06\/06\/luma-center-finland-premierade-barn-ungdomar-och-inlarningssamfund-for-fortjanstfull-implementering-av-vetenskaps-och-teknologiprojekt-pa-internationell-gala\/\" aria-label=\"L\u00e4s mer om LUMA-center Finland premierade barn, ungdomar och inl\u00e4rningssamfund f\u00f6r f\u00f6rtj\u00e4nstfull implementering av vetenskaps- och teknologiprojekt p\u00e5 internationell gala\">L\u00e4s mera&#8230;<\/a><\/p>\n","protected":false},"author":1,"featured_media":537,"comment_status":"closed","ping_status":"closed","sticky":false,"template":"","format":"standard","meta":{"generate_page_header":"","footnotes":""},"categories":[1],"tags":[],"class_list":["post-535","post","type-post","status-publish","format-standard","has-post-thumbnail","hentry","category-nyheter"],"yoast_head":"<!-- This site is optimized with the Yoast SEO plugin v25.9 - https:\/\/yoast.com\/wordpress\/plugins\/seo\/ -->\n<title>LUMA-center Finland premierade barn, ungdomar och inl\u00e4rningssamfund f\u00f6r f\u00f6rtj\u00e4nstfull implementering av vetenskaps- och teknologiprojekt p\u00e5 internationell gala - LUMA-center Finland<\/title>\n<meta name=\"robots\" content=\"index, follow, max-snippet:-1, max-image-preview:large, max-video-preview:-1\" \/>\n<link rel=\"canonical\" href=\"https:\/\/www.myscience.fi\/sv\/nyheter\/2019\/06\/06\/luma-center-finland-premierade-barn-ungdomar-och-inlarningssamfund-for-fortjanstfull-implementering-av-vetenskaps-och-teknologiprojekt-pa-internationell-gala\/\" \/>\n<meta property=\"og:locale\" content=\"sv_SE\" \/>\n<meta property=\"og:type\" content=\"article\" \/>\n<meta property=\"og:title\" content=\"LUMA-center Finland premierade barn, ungdomar och inl\u00e4rningssamfund f\u00f6r f\u00f6rtj\u00e4nstfull implementering av vetenskaps- och teknologiprojekt p\u00e5 internationell gala - LUMA-center Finland\" \/>\n<meta property=\"og:description\" content=\"Vid den internationella StarT-galan som gick av stapeln den 6\/6 premierades International LUMA StarT 2019-pristagarna. Priset delades ut till de ... L\u00e4s mera...\" \/>\n<meta property=\"og:url\" content=\"https:\/\/www.myscience.fi\/sv\/nyheter\/2019\/06\/06\/luma-center-finland-premierade-barn-ungdomar-och-inlarningssamfund-for-fortjanstfull-implementering-av-vetenskaps-och-teknologiprojekt-pa-internationell-gala\/\" \/>\n<meta property=\"og:site_name\" content=\"LUMA-center Finland\" \/>\n<meta property=\"article:published_time\" content=\"2019-06-06T14:00:07+00:00\" \/>\n<meta property=\"og:image\" content=\"https:\/\/www.myscience.fi\/sv\/files\/2019\/06\/start-gala-2019-mest-aktiva-land.jpg\" \/>\n\t<meta property=\"og:image:width\" content=\"1035\" \/>\n\t<meta property=\"og:image:height\" content=\"730\" \/>\n\t<meta property=\"og:image:type\" content=\"image\/jpeg\" \/>\n<meta name=\"author\" content=\"admin\" \/>\n<meta name=\"twitter:card\" content=\"summary_large_image\" \/>\n<meta name=\"twitter:label1\" content=\"Skriven av\" \/>\n\t<meta name=\"twitter:data1\" content=\"admin\" \/>\n\t<meta name=\"twitter:label2\" content=\"Ber\u00e4knad l\u00e4stid\" \/>\n\t<meta name=\"twitter:data2\" content=\"3 minuter\" \/>\n<script type=\"application\/ld+json\" class=\"yoast-schema-graph\">{\"@context\":\"https:\/\/schema.org\",\"@graph\":[{\"@type\":\"Article\",\"@id\":\"https:\/\/www.myscience.fi\/sv\/nyheter\/2019\/06\/06\/luma-center-finland-premierade-barn-ungdomar-och-inlarningssamfund-for-fortjanstfull-implementering-av-vetenskaps-och-teknologiprojekt-pa-internationell-gala\/#article\",\"isPartOf\":{\"@id\":\"https:\/\/www.myscience.fi\/sv\/nyheter\/2019\/06\/06\/luma-center-finland-premierade-barn-ungdomar-och-inlarningssamfund-for-fortjanstfull-implementering-av-vetenskaps-och-teknologiprojekt-pa-internationell-gala\/\"},\"author\":{\"name\":\"admin\",\"@id\":\"https:\/\/www.myscience.fi\/sv\/#\/schema\/person\/8aa1688f022ab585e51440a023bd6df5\"},\"headline\":\"LUMA-center Finland premierade barn, ungdomar och inl\u00e4rningssamfund f\u00f6r f\u00f6rtj\u00e4nstfull implementering av vetenskaps- och teknologiprojekt p\u00e5 internationell gala\",\"datePublished\":\"2019-06-06T14:00:07+00:00\",\"mainEntityOfPage\":{\"@id\":\"https:\/\/www.myscience.fi\/sv\/nyheter\/2019\/06\/06\/luma-center-finland-premierade-barn-ungdomar-och-inlarningssamfund-for-fortjanstfull-implementering-av-vetenskaps-och-teknologiprojekt-pa-internationell-gala\/\"},\"wordCount\":594,\"publisher\":{\"@id\":\"https:\/\/www.myscience.fi\/sv\/#organization\"},\"image\":{\"@id\":\"https:\/\/www.myscience.fi\/sv\/nyheter\/2019\/06\/06\/luma-center-finland-premierade-barn-ungdomar-och-inlarningssamfund-for-fortjanstfull-implementering-av-vetenskaps-och-teknologiprojekt-pa-internationell-gala\/#primaryimage\"},\"thumbnailUrl\":\"https:\/\/www.myscience.fi\/sv\/files\/2019\/06\/start-gala-2019-mest-aktiva-land.jpg\",\"articleSection\":[\"LUMA-nyheter\"],\"inLanguage\":\"sv-SE\"},{\"@type\":\"WebPage\",\"@id\":\"https:\/\/www.myscience.fi\/sv\/nyheter\/2019\/06\/06\/luma-center-finland-premierade-barn-ungdomar-och-inlarningssamfund-for-fortjanstfull-implementering-av-vetenskaps-och-teknologiprojekt-pa-internationell-gala\/\",\"url\":\"https:\/\/www.myscience.fi\/sv\/nyheter\/2019\/06\/06\/luma-center-finland-premierade-barn-ungdomar-och-inlarningssamfund-for-fortjanstfull-implementering-av-vetenskaps-och-teknologiprojekt-pa-internationell-gala\/\",\"name\":\"LUMA-center Finland premierade barn, ungdomar och inl\u00e4rningssamfund f\u00f6r f\u00f6rtj\u00e4nstfull implementering av vetenskaps- och teknologiprojekt p\u00e5 internationell gala - LUMA-center Finland\",\"isPartOf\":{\"@id\":\"https:\/\/www.myscience.fi\/sv\/#website\"},\"primaryImageOfPage\":{\"@id\":\"https:\/\/www.myscience.fi\/sv\/nyheter\/2019\/06\/06\/luma-center-finland-premierade-barn-ungdomar-och-inlarningssamfund-for-fortjanstfull-implementering-av-vetenskaps-och-teknologiprojekt-pa-internationell-gala\/#primaryimage\"},\"image\":{\"@id\":\"https:\/\/www.myscience.fi\/sv\/nyheter\/2019\/06\/06\/luma-center-finland-premierade-barn-ungdomar-och-inlarningssamfund-for-fortjanstfull-implementering-av-vetenskaps-och-teknologiprojekt-pa-internationell-gala\/#primaryimage\"},\"thumbnailUrl\":\"https:\/\/www.myscience.fi\/sv\/files\/2019\/06\/start-gala-2019-mest-aktiva-land.jpg\",\"datePublished\":\"2019-06-06T14:00:07+00:00\",\"breadcrumb\":{\"@id\":\"https:\/\/www.myscience.fi\/sv\/nyheter\/2019\/06\/06\/luma-center-finland-premierade-barn-ungdomar-och-inlarningssamfund-for-fortjanstfull-implementering-av-vetenskaps-och-teknologiprojekt-pa-internationell-gala\/#breadcrumb\"},\"inLanguage\":\"sv-SE\",\"potentialAction\":[{\"@type\":\"ReadAction\",\"target\":[\"https:\/\/www.myscience.fi\/sv\/nyheter\/2019\/06\/06\/luma-center-finland-premierade-barn-ungdomar-och-inlarningssamfund-for-fortjanstfull-implementering-av-vetenskaps-och-teknologiprojekt-pa-internationell-gala\/\"]}]},{\"@type\":\"ImageObject\",\"inLanguage\":\"sv-SE\",\"@id\":\"https:\/\/www.myscience.fi\/sv\/nyheter\/2019\/06\/06\/luma-center-finland-premierade-barn-ungdomar-och-inlarningssamfund-for-fortjanstfull-implementering-av-vetenskaps-och-teknologiprojekt-pa-internationell-gala\/#primaryimage\",\"url\":\"https:\/\/www.myscience.fi\/sv\/files\/2019\/06\/start-gala-2019-mest-aktiva-land.jpg\",\"contentUrl\":\"https:\/\/www.myscience.fi\/sv\/files\/2019\/06\/start-gala-2019-mest-aktiva-land.jpg\",\"width\":1035,\"height\":730},{\"@type\":\"BreadcrumbList\",\"@id\":\"https:\/\/www.myscience.fi\/sv\/nyheter\/2019\/06\/06\/luma-center-finland-premierade-barn-ungdomar-och-inlarningssamfund-for-fortjanstfull-implementering-av-vetenskaps-och-teknologiprojekt-pa-internationell-gala\/#breadcrumb\",\"itemListElement\":[{\"@type\":\"ListItem\",\"position\":1,\"name\":\"Etusivu\",\"item\":\"https:\/\/www.myscience.fi\/sv\/\"},{\"@type\":\"ListItem\",\"position\":2,\"name\":\"LUMA-center Finland premierade barn, ungdomar och inl\u00e4rningssamfund f\u00f6r f\u00f6rtj\u00e4nstfull implementering av vetenskaps- och teknologiprojekt p\u00e5 internationell gala\"}]},{\"@type\":\"WebSite\",\"@id\":\"https:\/\/www.myscience.fi\/sv\/#website\",\"url\":\"https:\/\/www.myscience.fi\/sv\/\",\"name\":\"LUMA-center Finland\",\"description\":\"Ett n\u00e4tverk av finska universitet f\u00f6r att fr\u00e4mja vetenskap- och teknikfostran\",\"publisher\":{\"@id\":\"https:\/\/www.myscience.fi\/sv\/#organization\"},\"potentialAction\":[{\"@type\":\"SearchAction\",\"target\":{\"@type\":\"EntryPoint\",\"urlTemplate\":\"https:\/\/www.myscience.fi\/sv\/?s={search_term_string}\"},\"query-input\":{\"@type\":\"PropertyValueSpecification\",\"valueRequired\":true,\"valueName\":\"search_term_string\"}}],\"inLanguage\":\"sv-SE\"},{\"@type\":\"Organization\",\"@id\":\"https:\/\/www.myscience.fi\/sv\/#organization\",\"name\":\"LUMA-center Finland\",\"url\":\"https:\/\/www.myscience.fi\/sv\/\",\"logo\":{\"@type\":\"ImageObject\",\"inLanguage\":\"sv-SE\",\"@id\":\"https:\/\/www.myscience.fi\/sv\/#\/schema\/logo\/image\/\",\"url\":\"https:\/\/www.myscience.fi\/sv\/files\/2022\/05\/luma_flower-multicolored_text-black-horizontal-sv.png\",\"contentUrl\":\"https:\/\/www.myscience.fi\/sv\/files\/2022\/05\/luma_flower-multicolored_text-black-horizontal-sv.png\",\"width\":1927,\"height\":557,\"caption\":\"LUMA-center Finland\"},\"image\":{\"@id\":\"https:\/\/www.myscience.fi\/sv\/#\/schema\/logo\/image\/\"}},{\"@type\":\"Person\",\"@id\":\"https:\/\/www.myscience.fi\/sv\/#\/schema\/person\/8aa1688f022ab585e51440a023bd6df5\",\"name\":\"admin\",\"image\":{\"@type\":\"ImageObject\",\"inLanguage\":\"sv-SE\",\"@id\":\"https:\/\/www.myscience.fi\/sv\/#\/schema\/person\/image\/\",\"url\":\"https:\/\/secure.gravatar.com\/avatar\/a35b7b651f10871c4b54271fe6bc230252f6e3d7d99d6dbff111c961f2e88267?s=96&d=mm&r=g\",\"contentUrl\":\"https:\/\/secure.gravatar.com\/avatar\/a35b7b651f10871c4b54271fe6bc230252f6e3d7d99d6dbff111c961f2e88267?s=96&d=mm&r=g\",\"caption\":\"admin\"},\"url\":\"https:\/\/www.myscience.fi\/sv\/author\/admin\/\"}]}<\/script>\n<!-- \/ Yoast SEO plugin. -->","yoast_head_json":{"title":"LUMA-center Finland premierade barn, ungdomar och inl\u00e4rningssamfund f\u00f6r f\u00f6rtj\u00e4nstfull implementering av vetenskaps- och teknologiprojekt p\u00e5 internationell gala - LUMA-center Finland","robots":{"index":"index","follow":"follow","max-snippet":"max-snippet:-1","max-image-preview":"max-image-preview:large","max-video-preview":"max-video-preview:-1"},"canonical":"https:\/\/www.myscience.fi\/sv\/nyheter\/2019\/06\/06\/luma-center-finland-premierade-barn-ungdomar-och-inlarningssamfund-for-fortjanstfull-implementering-av-vetenskaps-och-teknologiprojekt-pa-internationell-gala\/","og_locale":"sv_SE","og_type":"article","og_title":"LUMA-center Finland premierade barn, ungdomar och inl\u00e4rningssamfund f\u00f6r f\u00f6rtj\u00e4nstfull implementering av vetenskaps- och teknologiprojekt p\u00e5 internationell gala - LUMA-center Finland","og_description":"Vid den internationella StarT-galan som gick av stapeln den 6\/6 premierades International LUMA StarT 2019-pristagarna. Priset delades ut till de ... L\u00e4s mera...","og_url":"https:\/\/www.myscience.fi\/sv\/nyheter\/2019\/06\/06\/luma-center-finland-premierade-barn-ungdomar-och-inlarningssamfund-for-fortjanstfull-implementering-av-vetenskaps-och-teknologiprojekt-pa-internationell-gala\/","og_site_name":"LUMA-center Finland","article_published_time":"2019-06-06T14:00:07+00:00","og_image":[{"width":1035,"height":730,"url":"https:\/\/www.myscience.fi\/sv\/files\/2019\/06\/start-gala-2019-mest-aktiva-land.jpg","type":"image\/jpeg"}],"author":"admin","twitter_card":"summary_large_image","twitter_misc":{"Skriven av":"admin","Ber\u00e4knad l\u00e4stid":"3 minuter"},"schema":{"@context":"https:\/\/schema.org","@graph":[{"@type":"Article","@id":"https:\/\/www.myscience.fi\/sv\/nyheter\/2019\/06\/06\/luma-center-finland-premierade-barn-ungdomar-och-inlarningssamfund-for-fortjanstfull-implementering-av-vetenskaps-och-teknologiprojekt-pa-internationell-gala\/#article","isPartOf":{"@id":"https:\/\/www.myscience.fi\/sv\/nyheter\/2019\/06\/06\/luma-center-finland-premierade-barn-ungdomar-och-inlarningssamfund-for-fortjanstfull-implementering-av-vetenskaps-och-teknologiprojekt-pa-internationell-gala\/"},"author":{"name":"admin","@id":"https:\/\/www.myscience.fi\/sv\/#\/schema\/person\/8aa1688f022ab585e51440a023bd6df5"},"headline":"LUMA-center Finland premierade barn, ungdomar och inl\u00e4rningssamfund f\u00f6r f\u00f6rtj\u00e4nstfull implementering av vetenskaps- och teknologiprojekt p\u00e5 internationell gala","datePublished":"2019-06-06T14:00:07+00:00","mainEntityOfPage":{"@id":"https:\/\/www.myscience.fi\/sv\/nyheter\/2019\/06\/06\/luma-center-finland-premierade-barn-ungdomar-och-inlarningssamfund-for-fortjanstfull-implementering-av-vetenskaps-och-teknologiprojekt-pa-internationell-gala\/"},"wordCount":594,"publisher":{"@id":"https:\/\/www.myscience.fi\/sv\/#organization"},"image":{"@id":"https:\/\/www.myscience.fi\/sv\/nyheter\/2019\/06\/06\/luma-center-finland-premierade-barn-ungdomar-och-inlarningssamfund-for-fortjanstfull-implementering-av-vetenskaps-och-teknologiprojekt-pa-internationell-gala\/#primaryimage"},"thumbnailUrl":"https:\/\/www.myscience.fi\/sv\/files\/2019\/06\/start-gala-2019-mest-aktiva-land.jpg","articleSection":["LUMA-nyheter"],"inLanguage":"sv-SE"},{"@type":"WebPage","@id":"https:\/\/www.myscience.fi\/sv\/nyheter\/2019\/06\/06\/luma-center-finland-premierade-barn-ungdomar-och-inlarningssamfund-for-fortjanstfull-implementering-av-vetenskaps-och-teknologiprojekt-pa-internationell-gala\/","url":"https:\/\/www.myscience.fi\/sv\/nyheter\/2019\/06\/06\/luma-center-finland-premierade-barn-ungdomar-och-inlarningssamfund-for-fortjanstfull-implementering-av-vetenskaps-och-teknologiprojekt-pa-internationell-gala\/","name":"LUMA-center Finland premierade barn, ungdomar och inl\u00e4rningssamfund f\u00f6r f\u00f6rtj\u00e4nstfull implementering av vetenskaps- och teknologiprojekt p\u00e5 internationell gala - LUMA-center Finland","isPartOf":{"@id":"https:\/\/www.myscience.fi\/sv\/#website"},"primaryImageOfPage":{"@id":"https:\/\/www.myscience.fi\/sv\/nyheter\/2019\/06\/06\/luma-center-finland-premierade-barn-ungdomar-och-inlarningssamfund-for-fortjanstfull-implementering-av-vetenskaps-och-teknologiprojekt-pa-internationell-gala\/#primaryimage"},"image":{"@id":"https:\/\/www.myscience.fi\/sv\/nyheter\/2019\/06\/06\/luma-center-finland-premierade-barn-ungdomar-och-inlarningssamfund-for-fortjanstfull-implementering-av-vetenskaps-och-teknologiprojekt-pa-internationell-gala\/#primaryimage"},"thumbnailUrl":"https:\/\/www.myscience.fi\/sv\/files\/2019\/06\/start-gala-2019-mest-aktiva-land.jpg","datePublished":"2019-06-06T14:00:07+00:00","breadcrumb":{"@id":"https:\/\/www.myscience.fi\/sv\/nyheter\/2019\/06\/06\/luma-center-finland-premierade-barn-ungdomar-och-inlarningssamfund-for-fortjanstfull-implementering-av-vetenskaps-och-teknologiprojekt-pa-internationell-gala\/#breadcrumb"},"inLanguage":"sv-SE","potentialAction":[{"@type":"ReadAction","target":["https:\/\/www.myscience.fi\/sv\/nyheter\/2019\/06\/06\/luma-center-finland-premierade-barn-ungdomar-och-inlarningssamfund-for-fortjanstfull-implementering-av-vetenskaps-och-teknologiprojekt-pa-internationell-gala\/"]}]},{"@type":"ImageObject","inLanguage":"sv-SE","@id":"https:\/\/www.myscience.fi\/sv\/nyheter\/2019\/06\/06\/luma-center-finland-premierade-barn-ungdomar-och-inlarningssamfund-for-fortjanstfull-implementering-av-vetenskaps-och-teknologiprojekt-pa-internationell-gala\/#primaryimage","url":"https:\/\/www.myscience.fi\/sv\/files\/2019\/06\/start-gala-2019-mest-aktiva-land.jpg","contentUrl":"https:\/\/www.myscience.fi\/sv\/files\/2019\/06\/start-gala-2019-mest-aktiva-land.jpg","width":1035,"height":730},{"@type":"BreadcrumbList","@id":"https:\/\/www.myscience.fi\/sv\/nyheter\/2019\/06\/06\/luma-center-finland-premierade-barn-ungdomar-och-inlarningssamfund-for-fortjanstfull-implementering-av-vetenskaps-och-teknologiprojekt-pa-internationell-gala\/#breadcrumb","itemListElement":[{"@type":"ListItem","position":1,"name":"Etusivu","item":"https:\/\/www.myscience.fi\/sv\/"},{"@type":"ListItem","position":2,"name":"LUMA-center Finland premierade barn, ungdomar och inl\u00e4rningssamfund f\u00f6r f\u00f6rtj\u00e4nstfull implementering av vetenskaps- och teknologiprojekt p\u00e5 internationell gala"}]},{"@type":"WebSite","@id":"https:\/\/www.myscience.fi\/sv\/#website","url":"https:\/\/www.myscience.fi\/sv\/","name":"LUMA-center Finland","description":"Ett n\u00e4tverk av finska universitet f\u00f6r att fr\u00e4mja vetenskap- och teknikfostran","publisher":{"@id":"https:\/\/www.myscience.fi\/sv\/#organization"},"potentialAction":[{"@type":"SearchAction","target":{"@type":"EntryPoint","urlTemplate":"https:\/\/www.myscience.fi\/sv\/?s={search_term_string}"},"query-input":{"@type":"PropertyValueSpecification","valueRequired":true,"valueName":"search_term_string"}}],"inLanguage":"sv-SE"},{"@type":"Organization","@id":"https:\/\/www.myscience.fi\/sv\/#organization","name":"LUMA-center Finland","url":"https:\/\/www.myscience.fi\/sv\/","logo":{"@type":"ImageObject","inLanguage":"sv-SE","@id":"https:\/\/www.myscience.fi\/sv\/#\/schema\/logo\/image\/","url":"https:\/\/www.myscience.fi\/sv\/files\/2022\/05\/luma_flower-multicolored_text-black-horizontal-sv.png","contentUrl":"https:\/\/www.myscience.fi\/sv\/files\/2022\/05\/luma_flower-multicolored_text-black-horizontal-sv.png","width":1927,"height":557,"caption":"LUMA-center Finland"},"image":{"@id":"https:\/\/www.myscience.fi\/sv\/#\/schema\/logo\/image\/"}},{"@type":"Person","@id":"https:\/\/www.myscience.fi\/sv\/#\/schema\/person\/8aa1688f022ab585e51440a023bd6df5","name":"admin","image":{"@type":"ImageObject","inLanguage":"sv-SE","@id":"https:\/\/www.myscience.fi\/sv\/#\/schema\/person\/image\/","url":"https:\/\/secure.gravatar.com\/avatar\/a35b7b651f10871c4b54271fe6bc230252f6e3d7d99d6dbff111c961f2e88267?s=96&d=mm&r=g","contentUrl":"https:\/\/secure.gravatar.com\/avatar\/a35b7b651f10871c4b54271fe6bc230252f6e3d7d99d6dbff111c961f2e88267?s=96&d=mm&r=g","caption":"admin"},"url":"https:\/\/www.myscience.fi\/sv\/author\/admin\/"}]}},"_links":{"self":[{"href":"https:\/\/www.myscience.fi\/sv\/wp-json\/wp\/v2\/posts\/535","targetHints":{"allow":["GET"]}}],"collection":[{"href":"https:\/\/www.myscience.fi\/sv\/wp-json\/wp\/v2\/posts"}],"about":[{"href":"https:\/\/www.myscience.fi\/sv\/wp-json\/wp\/v2\/types\/post"}],"author":[{"embeddable":true,"href":"https:\/\/www.myscience.fi\/sv\/wp-json\/wp\/v2\/users\/1"}],"replies":[{"embeddable":true,"href":"https:\/\/www.myscience.fi\/sv\/wp-json\/wp\/v2\/comments?post=535"}],"version-history":[{"count":0,"href":"https:\/\/www.myscience.fi\/sv\/wp-json\/wp\/v2\/posts\/535\/revisions"}],"wp:featuredmedia":[{"embeddable":true,"href":"https:\/\/www.myscience.fi\/sv\/wp-json\/wp\/v2\/media\/537"}],"wp:attachment":[{"href":"https:\/\/www.myscience.fi\/sv\/wp-json\/wp\/v2\/media?parent=535"}],"wp:term":[{"taxonomy":"category","embeddable":true,"href":"https:\/\/www.myscience.fi\/sv\/wp-json\/wp\/v2\/categories?post=535"},{"taxonomy":"post_tag","embeddable":true,"href":"https:\/\/www.myscience.fi\/sv\/wp-json\/wp\/v2\/tags?post=535"}],"curies":[{"name":"wp","href":"https:\/\/api.w.org\/{rel}","templated":true}]}}