{"id":1442,"date":"2023-11-24T16:30:20","date_gmt":"2023-11-24T14:30:20","guid":{"rendered":"https:\/\/www.myscience.fi\/sv\/?p=1442"},"modified":"2024-10-23T14:48:13","modified_gmt":"2024-10-23T11:48:13","slug":"se-bilderna-fran-luma-center-finlands-20-arsjubileum","status":"publish","type":"post","link":"https:\/\/www.myscience.fi\/sv\/nyheter\/2023\/11\/24\/se-bilderna-fran-luma-center-finlands-20-arsjubileum\/","title":{"rendered":"Se bilderna fr\u00e5n LUMA-center Finlands 20-\u00e5rsjubileum"},"content":{"rendered":"\n\n\n<p><strong>LUMA-center Finland-n\u00e4tverket firade sitt 20-\u00e5rsjubileum med ett seminarium i festsalen vid Helsingfors universitet. Jubileumsseminariet utspelade sig p\u00e5 fredagen den 10.11.2023. Seminariet samlade \u00f6ver 100 deltagare. <\/strong><\/p>\n<p>Forsknings- och kulturminister Sari Multala framf\u00f6rde statsmaktens videoh\u00e4lsning vid tillf\u00e4llet. Prorektor f\u00f6r Helsingfors universitet, Kai Nordlund, undervisningsr\u00e5d Laura Taajamaa fr\u00e5n undervisnings- och kulturministeriet, samt Maija Aksela, direkt\u00f6r f\u00f6r LUMA-center Finland-n\u00e4tverket och n\u00e4tverkets ordf\u00f6rande, Jan Lundell, h\u00f6ll festtal jubileums\u00e5ret till \u00e4ra.<\/p>\n<p>\u2013 LUMA-centren runt om i Finland g\u00f6r ett otroligt viktigt arbete f\u00f6r att st\u00e4rka kunnandet inom matematik, naturvetenskaper och teknik. Ert arbete inspirerar, \u00f6ppnar d\u00f6rrar till nytt och g\u00f6r det m\u00f6jligt att l\u00e4ra sig \u00e4mnen, som ibland kan k\u00e4nnas sv\u00e5ra, p\u00e5 ett fint s\u00e4tt, belyste Multala.<\/p>\n<p><img loading=\"lazy\" decoding=\"async\" class=\"aligncenter size-full wp-image-1439\" src=\"https:\/\/www.myscience.fi\/sv\/files\/2023\/11\/53342876992_f24a7247fc_o-scaled.jpg\" alt=\"M\u00e4nniskor p\u00e5 LUMA-center Finlands jubileumsseminarium. De gl\u00e4djas \u00f6ver ett diplom f\u00f6r l\u00e5ngsiktigt och innovativt LUMA-arbete.\" width=\"2560\" height=\"1707\" srcset=\"https:\/\/www.myscience.fi\/sv\/files\/2023\/11\/53342876992_f24a7247fc_o-scaled.jpg 2560w, https:\/\/www.myscience.fi\/sv\/files\/2023\/11\/53342876992_f24a7247fc_o-300x200.jpg 300w, https:\/\/www.myscience.fi\/sv\/files\/2023\/11\/53342876992_f24a7247fc_o-1024x683.jpg 1024w, https:\/\/www.myscience.fi\/sv\/files\/2023\/11\/53342876992_f24a7247fc_o-768x512.jpg 768w, https:\/\/www.myscience.fi\/sv\/files\/2023\/11\/53342876992_f24a7247fc_o-1536x1024.jpg 1536w, https:\/\/www.myscience.fi\/sv\/files\/2023\/11\/53342876992_f24a7247fc_o-2048x1365.jpg 2048w\" sizes=\"auto, (max-width: 2560px) 100vw, 2560px\" \/><\/p>\n\n\n\n<p><img loading=\"lazy\" decoding=\"async\" class=\"aligncenter size-full wp-image-1443\" src=\"https:\/\/www.myscience.fi\/sv\/files\/2023\/11\/53344102710_9c994c6760_o-scaled.jpg\" alt=\"Tv\u00e5 unga kvinnor som spelar instrument. En av dem spelar cello ch den andra spelar violin.\" width=\"2560\" height=\"1707\" srcset=\"https:\/\/www.myscience.fi\/sv\/files\/2023\/11\/53344102710_9c994c6760_o-scaled.jpg 2560w, https:\/\/www.myscience.fi\/sv\/files\/2023\/11\/53344102710_9c994c6760_o-300x200.jpg 300w, https:\/\/www.myscience.fi\/sv\/files\/2023\/11\/53344102710_9c994c6760_o-1024x683.jpg 1024w, https:\/\/www.myscience.fi\/sv\/files\/2023\/11\/53344102710_9c994c6760_o-768x512.jpg 768w, https:\/\/www.myscience.fi\/sv\/files\/2023\/11\/53344102710_9c994c6760_o-1536x1024.jpg 1536w, https:\/\/www.myscience.fi\/sv\/files\/2023\/11\/53344102710_9c994c6760_o-2048x1365.jpg 2048w\" sizes=\"auto, (max-width: 2560px) 100vw, 2560px\" \/><\/p>\n<p>Senja Vesalainen spelade sello och Erika H\u00e4r\u00f6 upptr\u00e4dde med violin p\u00e5 LUMA-center Finlands jubileumsseminarium. T\u00e5rarna steg i \u00f6gonen hos publiken som bestod av 100 personer, n\u00e4r virtuoserna upptr\u00e4dde och \u00f6ppnade n\u00e4tverkets 20-\u00e5rsjubileum.<\/p>\n<p><img loading=\"lazy\" decoding=\"async\" class=\"aligncenter size-full wp-image-1444\" src=\"https:\/\/www.myscience.fi\/sv\/files\/2023\/11\/53342772267_da24918704_o-scaled.jpg\" alt=\"En man som h\u00e5ller tal p\u00e5 LUMA-center Finlands jubileumsseminarium.\" width=\"2560\" height=\"1707\" srcset=\"https:\/\/www.myscience.fi\/sv\/files\/2023\/11\/53342772267_da24918704_o-scaled.jpg 2560w, https:\/\/www.myscience.fi\/sv\/files\/2023\/11\/53342772267_da24918704_o-300x200.jpg 300w, https:\/\/www.myscience.fi\/sv\/files\/2023\/11\/53342772267_da24918704_o-1024x683.jpg 1024w, https:\/\/www.myscience.fi\/sv\/files\/2023\/11\/53342772267_da24918704_o-768x512.jpg 768w, https:\/\/www.myscience.fi\/sv\/files\/2023\/11\/53342772267_da24918704_o-1536x1024.jpg 1536w, https:\/\/www.myscience.fi\/sv\/files\/2023\/11\/53342772267_da24918704_o-2048x1365.jpg 2048w\" sizes=\"auto, (max-width: 2560px) 100vw, 2560px\" \/><\/p>\n\n\n\n<p>Prorektor Kai Nordlund fr\u00e5n Helsingfors universitet h\u00f6ll ett tal p\u00e5 LUMA-center Finlands jubileumsseminarium. Nordlund betonade universitetssamarbetet, l\u00e4rarnas betydelse samt LUMA-omr\u00e5denas betydelse f\u00f6r Finland.<\/p>\n<p><img loading=\"lazy\" decoding=\"async\" class=\"aligncenter size-full wp-image-1445\" src=\"https:\/\/www.myscience.fi\/sv\/files\/2023\/11\/53343654576_67fe029cb1_o-scaled.jpg\" alt=\"En kvinna som ger en videoh\u00e4lsning. \" width=\"2560\" height=\"1707\" srcset=\"https:\/\/www.myscience.fi\/sv\/files\/2023\/11\/53343654576_67fe029cb1_o-scaled.jpg 2560w, https:\/\/www.myscience.fi\/sv\/files\/2023\/11\/53343654576_67fe029cb1_o-300x200.jpg 300w, https:\/\/www.myscience.fi\/sv\/files\/2023\/11\/53343654576_67fe029cb1_o-1024x683.jpg 1024w, https:\/\/www.myscience.fi\/sv\/files\/2023\/11\/53343654576_67fe029cb1_o-768x512.jpg 768w, https:\/\/www.myscience.fi\/sv\/files\/2023\/11\/53343654576_67fe029cb1_o-1536x1024.jpg 1536w, https:\/\/www.myscience.fi\/sv\/files\/2023\/11\/53343654576_67fe029cb1_o-2048x1365.jpg 2048w\" sizes=\"auto, (max-width: 2560px) 100vw, 2560px\" \/><\/p>\n<p>Forsknings- och kulturminister Sari Multala lyfte fram STEM-arbetets betydelse p\u00e5 nationell och internationell niv\u00e5, i statsmaktens videoh\u00e4lsning under seminariet. Petteri Orpos regering har \u00e5tagit sig att genomf\u00f6ra LUMA-strategin som utarbetades under den f\u00f6reg\u00e5ende regeringsperioden och st\u00e4rka LUMA-kompetensen \u00f6verlag.<\/p>\n<p><img loading=\"lazy\" decoding=\"async\" class=\"aligncenter wp-image-1446 size-full\" src=\"https:\/\/www.myscience.fi\/sv\/files\/2023\/11\/53343981319_e6d43c2d97_o-scaled.jpg\" alt=\"En kvinna som h\u00e5ller ett festtal p\u00e5 ett seminarium.\" width=\"2560\" height=\"1498\" srcset=\"https:\/\/www.myscience.fi\/sv\/files\/2023\/11\/53343981319_e6d43c2d97_o-scaled.jpg 2560w, https:\/\/www.myscience.fi\/sv\/files\/2023\/11\/53343981319_e6d43c2d97_o-300x176.jpg 300w, https:\/\/www.myscience.fi\/sv\/files\/2023\/11\/53343981319_e6d43c2d97_o-1024x599.jpg 1024w, https:\/\/www.myscience.fi\/sv\/files\/2023\/11\/53343981319_e6d43c2d97_o-768x450.jpg 768w, https:\/\/www.myscience.fi\/sv\/files\/2023\/11\/53343981319_e6d43c2d97_o-1536x899.jpg 1536w, https:\/\/www.myscience.fi\/sv\/files\/2023\/11\/53343981319_e6d43c2d97_o-2048x1199.jpg 2048w\" sizes=\"auto, (max-width: 2560px) 100vw, 2560px\" \/><\/p>\n\n\n\n<p>Undervisningsr\u00e5d Laura Taajama fr\u00e5n undervisnings- och kulturministeriet belyste LUMATE-strategins betydelse.<\/p>\n<p>LUMATE-strategins vision \u00e4r att man \u00e5r 2030 kan utveckla LUMA-f\u00e4rdigheter genom livet. Till det h\u00f6r att medborgarna i samh\u00e4llet besitter tillr\u00e4ckligt med kunnande i informationsl\u00e4skunnighet och att det finns tillr\u00e4ckligt med yrkeskunniga personer inom LUMATE-omr\u00e5det. Dessa kunskaper och f\u00f6rm\u00e5gor fr\u00e4mjar deltagande, v\u00e4lm\u00e5ende och h\u00e5llbar utveckling.<\/p>\n<p><img loading=\"lazy\" decoding=\"async\" class=\"aligncenter size-full wp-image-1447\" src=\"https:\/\/www.myscience.fi\/sv\/files\/2023\/11\/53343997759_d4c41d3ec0_o-scaled.jpg\" alt=\"En man gratulerar en annan under ett seminarium. M\u00e4nniskor st\u00e5r i bakgrunden, en person st\u00e5r med ett diplom.\" width=\"2560\" height=\"1707\" srcset=\"https:\/\/www.myscience.fi\/sv\/files\/2023\/11\/53343997759_d4c41d3ec0_o-scaled.jpg 2560w, https:\/\/www.myscience.fi\/sv\/files\/2023\/11\/53343997759_d4c41d3ec0_o-300x200.jpg 300w, https:\/\/www.myscience.fi\/sv\/files\/2023\/11\/53343997759_d4c41d3ec0_o-1024x683.jpg 1024w, https:\/\/www.myscience.fi\/sv\/files\/2023\/11\/53343997759_d4c41d3ec0_o-768x512.jpg 768w, https:\/\/www.myscience.fi\/sv\/files\/2023\/11\/53343997759_d4c41d3ec0_o-1536x1024.jpg 1536w, https:\/\/www.myscience.fi\/sv\/files\/2023\/11\/53343997759_d4c41d3ec0_o-2048x1365.jpg 2048w\" sizes=\"auto, (max-width: 2560px) 100vw, 2560px\" \/><\/p>\n<p>LUMA-center Finland n\u00e4tverkets ordf\u00f6rande Jan Lundell gratulerade de l\u00e4rare som tog emot utm\u00e4rkelser i form av LUMA-diplom. Jan Lundell fungerar ocks\u00e5 som professor vid Jyv\u00e4skyl\u00e4 universitet.<\/p>\n<p>I sitt festtal betonade Jan Lundell att LUMA-n\u00e4tverket och LUMA-ekosystemet tillh\u00f6r alla finl\u00e4ndare.<\/p>\n<p><img loading=\"lazy\" decoding=\"async\" class=\"aligncenter size-full wp-image-1448\" src=\"https:\/\/www.myscience.fi\/sv\/files\/2023\/11\/53344011034_7c1ca7ed37_o-scaled.jpg\" alt=\"M\u00e4nniskor som mottagit diplom. Personerna p\u00e5 bilden \u00e4r l\u00e4rare. \" width=\"2560\" height=\"1707\" srcset=\"https:\/\/www.myscience.fi\/sv\/files\/2023\/11\/53344011034_7c1ca7ed37_o-scaled.jpg 2560w, https:\/\/www.myscience.fi\/sv\/files\/2023\/11\/53344011034_7c1ca7ed37_o-300x200.jpg 300w, https:\/\/www.myscience.fi\/sv\/files\/2023\/11\/53344011034_7c1ca7ed37_o-1024x683.jpg 1024w, https:\/\/www.myscience.fi\/sv\/files\/2023\/11\/53344011034_7c1ca7ed37_o-768x512.jpg 768w, https:\/\/www.myscience.fi\/sv\/files\/2023\/11\/53344011034_7c1ca7ed37_o-1536x1024.jpg 1536w, https:\/\/www.myscience.fi\/sv\/files\/2023\/11\/53344011034_7c1ca7ed37_o-2048x1365.jpg 2048w\" sizes=\"auto, (max-width: 2560px) 100vw, 2560px\" \/><\/p>\n\n\n\n<p>Prisbel\u00f6nta l\u00e4rare. LUMA-diplomet beviljades f\u00f6r l\u00e5ngvarigt och innovativt LUMA-samarbete och gemenskaplig verksamhet.<\/p>\n<p><img loading=\"lazy\" decoding=\"async\" class=\"aligncenter size-full wp-image-1449\" src=\"https:\/\/www.myscience.fi\/sv\/files\/2023\/11\/53343938213_557c609903_o-scaled.jpg\" alt=\"En kvinna delar ut utm\u00e4rkelser i form av diplom. \" width=\"2560\" height=\"1707\" srcset=\"https:\/\/www.myscience.fi\/sv\/files\/2023\/11\/53343938213_557c609903_o-scaled.jpg 2560w, https:\/\/www.myscience.fi\/sv\/files\/2023\/11\/53343938213_557c609903_o-300x200.jpg 300w, https:\/\/www.myscience.fi\/sv\/files\/2023\/11\/53343938213_557c609903_o-1024x683.jpg 1024w, https:\/\/www.myscience.fi\/sv\/files\/2023\/11\/53343938213_557c609903_o-768x512.jpg 768w, https:\/\/www.myscience.fi\/sv\/files\/2023\/11\/53343938213_557c609903_o-1536x1024.jpg 1536w, https:\/\/www.myscience.fi\/sv\/files\/2023\/11\/53343938213_557c609903_o-2048x1365.jpg 2048w\" sizes=\"auto, (max-width: 2560px) 100vw, 2560px\" \/><\/p>\n<p>LUMA-center Finland-n\u00e4tverkets direkt\u00f6r Maija Aksela beviljade diplom till l\u00e4rare och skolor f\u00f6r deras l\u00e5ngvariga och innovativa LUMA-samarbete samt gemenskapliga verksamhet. Aksela h\u00f6ll ocks\u00e5 ett festtal, var det framkom att LUMA-omr\u00e5dena \u00e4r en hj\u00e4rtesak f\u00f6r henne.<\/p>\n<p>Du kan l\u00e4sa mer om LUMA-center Finlands <a href=\"https:\/\/www.myscience.fi\/sv\/nyheter\/2023\/11\/10\/framjare-av-vetenskapsfostran-belonades\/\">jubileumsseminarium h\u00e4r<\/a>. LUMA-center Finland-n\u00e4tverkets direkt\u00f6r Maija Akselas festtal kan du \u00e5 andra sidan <a href=\"https:\/\/www.youtube.com\/watch?v=XNG--XH5ajM\">se h\u00e4r<\/a>. LUMATE-strategin som p\u00e5g\u00e5r till \u00e5r 2030 kan du l\u00e4sa mer om <a href=\"http:\/\/LUMA-center Finland n\u00e4tverkets direkt\u00f6r Maija Akselas festtal kan du \u00e5 andra sidan se h\u00e4r.\" data-wplink-url-error=\"true\">bakom denna l\u00e4nk<\/a>.<\/p>\n<p>Bilder: Aleksi Takala \/ LUMA-center Finland<\/p>\n\n\n","protected":false},"excerpt":{"rendered":"<p>LUMA-center Finland-n\u00e4tverket firade sitt 20-\u00e5rsjubileum med ett seminarium i festsalen vid Helsingfors universitet. Jubileumsseminariet utspelade sig p\u00e5 fredagen den 10.11.2023. &#8230; <a title=\"Se bilderna fr\u00e5n LUMA-center Finlands 20-\u00e5rsjubileum\" class=\"read-more\" href=\"https:\/\/www.myscience.fi\/sv\/nyheter\/2023\/11\/24\/se-bilderna-fran-luma-center-finlands-20-arsjubileum\/\" aria-label=\"L\u00e4s mer om Se bilderna fr\u00e5n LUMA-center Finlands 20-\u00e5rsjubileum\">L\u00e4s mera&#8230;<\/a><\/p>\n","protected":false},"author":65,"featured_media":1449,"comment_status":"closed","ping_status":"closed","sticky":false,"template":"","format":"standard","meta":{"generate_page_header":"","footnotes":""},"categories":[1],"tags":[52,46,56,51,42],"class_list":["post-1442","post","type-post","status-publish","format-standard","has-post-thumbnail","hentry","category-nyheter","tag-atematik","tag-jubileumsseminarium","tag-kemi","tag-luma-strategin","tag-naturvetenskaper"],"yoast_head":"<!-- This site is optimized with the Yoast SEO plugin v25.9 - https:\/\/yoast.com\/wordpress\/plugins\/seo\/ -->\n<title>Se bilderna fr\u00e5n LUMA-center Finlands 20-\u00e5rsjubileum - LUMA-center Finland<\/title>\n<meta name=\"robots\" content=\"index, follow, max-snippet:-1, max-image-preview:large, max-video-preview:-1\" \/>\n<link rel=\"canonical\" href=\"https:\/\/www.myscience.fi\/sv\/nyheter\/2023\/11\/24\/se-bilderna-fran-luma-center-finlands-20-arsjubileum\/\" \/>\n<meta property=\"og:locale\" content=\"sv_SE\" \/>\n<meta property=\"og:type\" content=\"article\" \/>\n<meta property=\"og:title\" content=\"Se bilderna fr\u00e5n LUMA-center Finlands 20-\u00e5rsjubileum - LUMA-center Finland\" \/>\n<meta property=\"og:description\" content=\"LUMA-center Finland-n\u00e4tverket firade sitt 20-\u00e5rsjubileum med ett seminarium i festsalen vid Helsingfors universitet. Jubileumsseminariet utspelade sig p\u00e5 fredagen den 10.11.2023. ... L\u00e4s mera...\" \/>\n<meta property=\"og:url\" content=\"https:\/\/www.myscience.fi\/sv\/nyheter\/2023\/11\/24\/se-bilderna-fran-luma-center-finlands-20-arsjubileum\/\" \/>\n<meta property=\"og:site_name\" content=\"LUMA-center Finland\" \/>\n<meta property=\"article:published_time\" content=\"2023-11-24T14:30:20+00:00\" \/>\n<meta property=\"article:modified_time\" content=\"2024-10-23T11:48:13+00:00\" \/>\n<meta property=\"og:image\" content=\"https:\/\/www.myscience.fi\/sv\/files\/2023\/11\/53343938213_557c609903_o-scaled.jpg\" \/>\n\t<meta property=\"og:image:width\" content=\"2560\" \/>\n\t<meta property=\"og:image:height\" content=\"1707\" \/>\n\t<meta property=\"og:image:type\" content=\"image\/jpeg\" \/>\n<meta name=\"twitter:card\" content=\"summary_large_image\" \/>\n<meta name=\"twitter:label1\" content=\"Skriven av\" \/>\n\t<meta name=\"twitter:data1\" content=\"\" \/>\n\t<meta name=\"twitter:label2\" content=\"Ber\u00e4knad l\u00e4stid\" \/>\n\t<meta name=\"twitter:data2\" content=\"4 minuter\" \/>\n<script type=\"application\/ld+json\" class=\"yoast-schema-graph\">{\"@context\":\"https:\/\/schema.org\",\"@graph\":[{\"@type\":\"Article\",\"@id\":\"https:\/\/www.myscience.fi\/sv\/nyheter\/2023\/11\/24\/se-bilderna-fran-luma-center-finlands-20-arsjubileum\/#article\",\"isPartOf\":{\"@id\":\"https:\/\/www.myscience.fi\/sv\/nyheter\/2023\/11\/24\/se-bilderna-fran-luma-center-finlands-20-arsjubileum\/\"},\"author\":{\"name\":\"\",\"@id\":\"\"},\"headline\":\"Se bilderna fr\u00e5n LUMA-center Finlands 20-\u00e5rsjubileum\",\"datePublished\":\"2023-11-24T14:30:20+00:00\",\"dateModified\":\"2024-10-23T11:48:13+00:00\",\"mainEntityOfPage\":{\"@id\":\"https:\/\/www.myscience.fi\/sv\/nyheter\/2023\/11\/24\/se-bilderna-fran-luma-center-finlands-20-arsjubileum\/\"},\"wordCount\":474,\"publisher\":{\"@id\":\"https:\/\/www.myscience.fi\/sv\/#organization\"},\"image\":{\"@id\":\"https:\/\/www.myscience.fi\/sv\/nyheter\/2023\/11\/24\/se-bilderna-fran-luma-center-finlands-20-arsjubileum\/#primaryimage\"},\"thumbnailUrl\":\"https:\/\/www.myscience.fi\/sv\/files\/2023\/11\/53343938213_557c609903_o-scaled.jpg\",\"keywords\":[\"atematik\",\"jubileumsseminarium\",\"kemi\",\"LUMA-strategin\",\"naturvetenskaper\"],\"articleSection\":[\"LUMA-nyheter\"],\"inLanguage\":\"sv-SE\"},{\"@type\":\"WebPage\",\"@id\":\"https:\/\/www.myscience.fi\/sv\/nyheter\/2023\/11\/24\/se-bilderna-fran-luma-center-finlands-20-arsjubileum\/\",\"url\":\"https:\/\/www.myscience.fi\/sv\/nyheter\/2023\/11\/24\/se-bilderna-fran-luma-center-finlands-20-arsjubileum\/\",\"name\":\"Se bilderna fr\u00e5n LUMA-center Finlands 20-\u00e5rsjubileum - LUMA-center Finland\",\"isPartOf\":{\"@id\":\"https:\/\/www.myscience.fi\/sv\/#website\"},\"primaryImageOfPage\":{\"@id\":\"https:\/\/www.myscience.fi\/sv\/nyheter\/2023\/11\/24\/se-bilderna-fran-luma-center-finlands-20-arsjubileum\/#primaryimage\"},\"image\":{\"@id\":\"https:\/\/www.myscience.fi\/sv\/nyheter\/2023\/11\/24\/se-bilderna-fran-luma-center-finlands-20-arsjubileum\/#primaryimage\"},\"thumbnailUrl\":\"https:\/\/www.myscience.fi\/sv\/files\/2023\/11\/53343938213_557c609903_o-scaled.jpg\",\"datePublished\":\"2023-11-24T14:30:20+00:00\",\"dateModified\":\"2024-10-23T11:48:13+00:00\",\"breadcrumb\":{\"@id\":\"https:\/\/www.myscience.fi\/sv\/nyheter\/2023\/11\/24\/se-bilderna-fran-luma-center-finlands-20-arsjubileum\/#breadcrumb\"},\"inLanguage\":\"sv-SE\",\"potentialAction\":[{\"@type\":\"ReadAction\",\"target\":[\"https:\/\/www.myscience.fi\/sv\/nyheter\/2023\/11\/24\/se-bilderna-fran-luma-center-finlands-20-arsjubileum\/\"]}]},{\"@type\":\"ImageObject\",\"inLanguage\":\"sv-SE\",\"@id\":\"https:\/\/www.myscience.fi\/sv\/nyheter\/2023\/11\/24\/se-bilderna-fran-luma-center-finlands-20-arsjubileum\/#primaryimage\",\"url\":\"https:\/\/www.myscience.fi\/sv\/files\/2023\/11\/53343938213_557c609903_o-scaled.jpg\",\"contentUrl\":\"https:\/\/www.myscience.fi\/sv\/files\/2023\/11\/53343938213_557c609903_o-scaled.jpg\",\"width\":2560,\"height\":1707,\"caption\":\"En kvinna delar ut utm\u00e4rkelser i form av diplom.\"},{\"@type\":\"BreadcrumbList\",\"@id\":\"https:\/\/www.myscience.fi\/sv\/nyheter\/2023\/11\/24\/se-bilderna-fran-luma-center-finlands-20-arsjubileum\/#breadcrumb\",\"itemListElement\":[{\"@type\":\"ListItem\",\"position\":1,\"name\":\"Etusivu\",\"item\":\"https:\/\/www.myscience.fi\/sv\/\"},{\"@type\":\"ListItem\",\"position\":2,\"name\":\"Se bilderna fr\u00e5n LUMA-center Finlands 20-\u00e5rsjubileum\"}]},{\"@type\":\"WebSite\",\"@id\":\"https:\/\/www.myscience.fi\/sv\/#website\",\"url\":\"https:\/\/www.myscience.fi\/sv\/\",\"name\":\"LUMA-center Finland\",\"description\":\"Ett n\u00e4tverk av finska universitet f\u00f6r att fr\u00e4mja vetenskap- och teknikfostran\",\"publisher\":{\"@id\":\"https:\/\/www.myscience.fi\/sv\/#organization\"},\"potentialAction\":[{\"@type\":\"SearchAction\",\"target\":{\"@type\":\"EntryPoint\",\"urlTemplate\":\"https:\/\/www.myscience.fi\/sv\/?s={search_term_string}\"},\"query-input\":{\"@type\":\"PropertyValueSpecification\",\"valueRequired\":true,\"valueName\":\"search_term_string\"}}],\"inLanguage\":\"sv-SE\"},{\"@type\":\"Organization\",\"@id\":\"https:\/\/www.myscience.fi\/sv\/#organization\",\"name\":\"LUMA-center Finland\",\"url\":\"https:\/\/www.myscience.fi\/sv\/\",\"logo\":{\"@type\":\"ImageObject\",\"inLanguage\":\"sv-SE\",\"@id\":\"https:\/\/www.myscience.fi\/sv\/#\/schema\/logo\/image\/\",\"url\":\"https:\/\/www.myscience.fi\/sv\/files\/2022\/05\/luma_flower-multicolored_text-black-horizontal-sv.png\",\"contentUrl\":\"https:\/\/www.myscience.fi\/sv\/files\/2022\/05\/luma_flower-multicolored_text-black-horizontal-sv.png\",\"width\":1927,\"height\":557,\"caption\":\"LUMA-center Finland\"},\"image\":{\"@id\":\"https:\/\/www.myscience.fi\/sv\/#\/schema\/logo\/image\/\"}},{\"@type\":\"Person\",\"@id\":\"\",\"url\":\"https:\/\/www.myscience.fi\/sv\/author\/\"}]}<\/script>\n<!-- \/ Yoast SEO plugin. -->","yoast_head_json":{"title":"Se bilderna fr\u00e5n LUMA-center Finlands 20-\u00e5rsjubileum - LUMA-center Finland","robots":{"index":"index","follow":"follow","max-snippet":"max-snippet:-1","max-image-preview":"max-image-preview:large","max-video-preview":"max-video-preview:-1"},"canonical":"https:\/\/www.myscience.fi\/sv\/nyheter\/2023\/11\/24\/se-bilderna-fran-luma-center-finlands-20-arsjubileum\/","og_locale":"sv_SE","og_type":"article","og_title":"Se bilderna fr\u00e5n LUMA-center Finlands 20-\u00e5rsjubileum - LUMA-center Finland","og_description":"LUMA-center Finland-n\u00e4tverket firade sitt 20-\u00e5rsjubileum med ett seminarium i festsalen vid Helsingfors universitet. Jubileumsseminariet utspelade sig p\u00e5 fredagen den 10.11.2023. ... L\u00e4s mera...","og_url":"https:\/\/www.myscience.fi\/sv\/nyheter\/2023\/11\/24\/se-bilderna-fran-luma-center-finlands-20-arsjubileum\/","og_site_name":"LUMA-center Finland","article_published_time":"2023-11-24T14:30:20+00:00","article_modified_time":"2024-10-23T11:48:13+00:00","og_image":[{"width":2560,"height":1707,"url":"https:\/\/www.myscience.fi\/sv\/files\/2023\/11\/53343938213_557c609903_o-scaled.jpg","type":"image\/jpeg"}],"twitter_card":"summary_large_image","twitter_misc":{"Skriven av":"","Ber\u00e4knad l\u00e4stid":"4 minuter"},"schema":{"@context":"https:\/\/schema.org","@graph":[{"@type":"Article","@id":"https:\/\/www.myscience.fi\/sv\/nyheter\/2023\/11\/24\/se-bilderna-fran-luma-center-finlands-20-arsjubileum\/#article","isPartOf":{"@id":"https:\/\/www.myscience.fi\/sv\/nyheter\/2023\/11\/24\/se-bilderna-fran-luma-center-finlands-20-arsjubileum\/"},"author":{"name":"","@id":""},"headline":"Se bilderna fr\u00e5n LUMA-center Finlands 20-\u00e5rsjubileum","datePublished":"2023-11-24T14:30:20+00:00","dateModified":"2024-10-23T11:48:13+00:00","mainEntityOfPage":{"@id":"https:\/\/www.myscience.fi\/sv\/nyheter\/2023\/11\/24\/se-bilderna-fran-luma-center-finlands-20-arsjubileum\/"},"wordCount":474,"publisher":{"@id":"https:\/\/www.myscience.fi\/sv\/#organization"},"image":{"@id":"https:\/\/www.myscience.fi\/sv\/nyheter\/2023\/11\/24\/se-bilderna-fran-luma-center-finlands-20-arsjubileum\/#primaryimage"},"thumbnailUrl":"https:\/\/www.myscience.fi\/sv\/files\/2023\/11\/53343938213_557c609903_o-scaled.jpg","keywords":["atematik","jubileumsseminarium","kemi","LUMA-strategin","naturvetenskaper"],"articleSection":["LUMA-nyheter"],"inLanguage":"sv-SE"},{"@type":"WebPage","@id":"https:\/\/www.myscience.fi\/sv\/nyheter\/2023\/11\/24\/se-bilderna-fran-luma-center-finlands-20-arsjubileum\/","url":"https:\/\/www.myscience.fi\/sv\/nyheter\/2023\/11\/24\/se-bilderna-fran-luma-center-finlands-20-arsjubileum\/","name":"Se bilderna fr\u00e5n LUMA-center Finlands 20-\u00e5rsjubileum - LUMA-center Finland","isPartOf":{"@id":"https:\/\/www.myscience.fi\/sv\/#website"},"primaryImageOfPage":{"@id":"https:\/\/www.myscience.fi\/sv\/nyheter\/2023\/11\/24\/se-bilderna-fran-luma-center-finlands-20-arsjubileum\/#primaryimage"},"image":{"@id":"https:\/\/www.myscience.fi\/sv\/nyheter\/2023\/11\/24\/se-bilderna-fran-luma-center-finlands-20-arsjubileum\/#primaryimage"},"thumbnailUrl":"https:\/\/www.myscience.fi\/sv\/files\/2023\/11\/53343938213_557c609903_o-scaled.jpg","datePublished":"2023-11-24T14:30:20+00:00","dateModified":"2024-10-23T11:48:13+00:00","breadcrumb":{"@id":"https:\/\/www.myscience.fi\/sv\/nyheter\/2023\/11\/24\/se-bilderna-fran-luma-center-finlands-20-arsjubileum\/#breadcrumb"},"inLanguage":"sv-SE","potentialAction":[{"@type":"ReadAction","target":["https:\/\/www.myscience.fi\/sv\/nyheter\/2023\/11\/24\/se-bilderna-fran-luma-center-finlands-20-arsjubileum\/"]}]},{"@type":"ImageObject","inLanguage":"sv-SE","@id":"https:\/\/www.myscience.fi\/sv\/nyheter\/2023\/11\/24\/se-bilderna-fran-luma-center-finlands-20-arsjubileum\/#primaryimage","url":"https:\/\/www.myscience.fi\/sv\/files\/2023\/11\/53343938213_557c609903_o-scaled.jpg","contentUrl":"https:\/\/www.myscience.fi\/sv\/files\/2023\/11\/53343938213_557c609903_o-scaled.jpg","width":2560,"height":1707,"caption":"En kvinna delar ut utm\u00e4rkelser i form av diplom."},{"@type":"BreadcrumbList","@id":"https:\/\/www.myscience.fi\/sv\/nyheter\/2023\/11\/24\/se-bilderna-fran-luma-center-finlands-20-arsjubileum\/#breadcrumb","itemListElement":[{"@type":"ListItem","position":1,"name":"Etusivu","item":"https:\/\/www.myscience.fi\/sv\/"},{"@type":"ListItem","position":2,"name":"Se bilderna fr\u00e5n LUMA-center Finlands 20-\u00e5rsjubileum"}]},{"@type":"WebSite","@id":"https:\/\/www.myscience.fi\/sv\/#website","url":"https:\/\/www.myscience.fi\/sv\/","name":"LUMA-center Finland","description":"Ett n\u00e4tverk av finska universitet f\u00f6r att fr\u00e4mja vetenskap- och teknikfostran","publisher":{"@id":"https:\/\/www.myscience.fi\/sv\/#organization"},"potentialAction":[{"@type":"SearchAction","target":{"@type":"EntryPoint","urlTemplate":"https:\/\/www.myscience.fi\/sv\/?s={search_term_string}"},"query-input":{"@type":"PropertyValueSpecification","valueRequired":true,"valueName":"search_term_string"}}],"inLanguage":"sv-SE"},{"@type":"Organization","@id":"https:\/\/www.myscience.fi\/sv\/#organization","name":"LUMA-center Finland","url":"https:\/\/www.myscience.fi\/sv\/","logo":{"@type":"ImageObject","inLanguage":"sv-SE","@id":"https:\/\/www.myscience.fi\/sv\/#\/schema\/logo\/image\/","url":"https:\/\/www.myscience.fi\/sv\/files\/2022\/05\/luma_flower-multicolored_text-black-horizontal-sv.png","contentUrl":"https:\/\/www.myscience.fi\/sv\/files\/2022\/05\/luma_flower-multicolored_text-black-horizontal-sv.png","width":1927,"height":557,"caption":"LUMA-center Finland"},"image":{"@id":"https:\/\/www.myscience.fi\/sv\/#\/schema\/logo\/image\/"}},{"@type":"Person","@id":"","url":"https:\/\/www.myscience.fi\/sv\/author\/"}]}},"_links":{"self":[{"href":"https:\/\/www.myscience.fi\/sv\/wp-json\/wp\/v2\/posts\/1442","targetHints":{"allow":["GET"]}}],"collection":[{"href":"https:\/\/www.myscience.fi\/sv\/wp-json\/wp\/v2\/posts"}],"about":[{"href":"https:\/\/www.myscience.fi\/sv\/wp-json\/wp\/v2\/types\/post"}],"author":[{"embeddable":true,"href":"https:\/\/www.myscience.fi\/sv\/wp-json\/wp\/v2\/users\/65"}],"replies":[{"embeddable":true,"href":"https:\/\/www.myscience.fi\/sv\/wp-json\/wp\/v2\/comments?post=1442"}],"version-history":[{"count":6,"href":"https:\/\/www.myscience.fi\/sv\/wp-json\/wp\/v2\/posts\/1442\/revisions"}],"predecessor-version":[{"id":1799,"href":"https:\/\/www.myscience.fi\/sv\/wp-json\/wp\/v2\/posts\/1442\/revisions\/1799"}],"wp:featuredmedia":[{"embeddable":true,"href":"https:\/\/www.myscience.fi\/sv\/wp-json\/wp\/v2\/media\/1449"}],"wp:attachment":[{"href":"https:\/\/www.myscience.fi\/sv\/wp-json\/wp\/v2\/media?parent=1442"}],"wp:term":[{"taxonomy":"category","embeddable":true,"href":"https:\/\/www.myscience.fi\/sv\/wp-json\/wp\/v2\/categories?post=1442"},{"taxonomy":"post_tag","embeddable":true,"href":"https:\/\/www.myscience.fi\/sv\/wp-json\/wp\/v2\/tags?post=1442"}],"curies":[{"name":"wp","href":"https:\/\/api.w.org\/{rel}","templated":true}]}}